{"id":9498,"date":"2026-04-26T18:18:34","date_gmt":"2026-04-26T16:18:34","guid":{"rendered":"https:\/\/toulonprovenceregatta.fr\/?p=9498"},"modified":"2026-04-26T18:18:35","modified_gmt":"2026-04-26T16:18:35","slug":"la-tpr-2026-labellisee-400-ans-de-la-marine-nationale","status":"publish","type":"post","link":"https:\/\/toulonprovenceregatta.fr\/en\/page\/la-tpr-2026-labellisee-400-ans-de-la-marine-nationale\/","title":{"rendered":"The TPR 2026 awarded \u00ab400 Years of the French Navy\u00bb!"},"content":{"rendered":"<div data-elementor-type=\"wp-post\" data-elementor-id=\"9498\" class=\"elementor elementor-9498\" data-elementor-post-type=\"post\">\n\t\t\t\t<div class=\"elementor-element elementor-element-fe1742b e-flex e-con-boxed wpr-particle-no wpr-jarallax-no wpr-parallax-no wpr-sticky-section-no wpr-equal-height-no e-con e-parent\" data-id=\"fe1742b\" data-element_type=\"container\" data-e-type=\"container\">\n\t\t\t\t\t<div class=\"e-con-inner\">\n\t\t\t\t<div class=\"elementor-element elementor-element-9f09faf elementor-widget elementor-widget-spacer\" data-id=\"9f09faf\" data-element_type=\"widget\" data-e-type=\"widget\" data-widget_type=\"spacer.default\">\n\t\t\t\t<div class=\"elementor-widget-container\">\n\t\t\t\t\t\t\t<div class=\"elementor-spacer\">\n\t\t\t<div class=\"elementor-spacer-inner\"><\/div>\n\t\t<\/div>\n\t\t\t\t\t\t<\/div>\n\t\t\t\t<\/div>\n\t\t\t\t\t<\/div>\n\t\t\t\t<\/div>\n\t\t<div class=\"elementor-element elementor-element-2fb786a e-grid e-con-boxed wpr-particle-no wpr-jarallax-no wpr-parallax-no wpr-sticky-section-no wpr-equal-height-no e-con e-parent\" data-id=\"2fb786a\" data-element_type=\"container\" data-e-type=\"container\">\n\t\t\t\t\t<div class=\"e-con-inner\">\n\t\t\t\t<div class=\"elementor-element elementor-element-42da4f7 elementor-widget elementor-widget-image\" data-id=\"42da4f7\" data-element_type=\"widget\" data-e-type=\"widget\" data-widget_type=\"image.default\">\n\t\t\t\t<div class=\"elementor-widget-container\">\n\t\t\t\t\t\t\t\t\t\t\t\t\t\t\t<img fetchpriority=\"high\" decoding=\"async\" width=\"300\" height=\"293\" src=\"https:\/\/toulonprovenceregatta.fr\/wp-content\/uploads\/2026\/01\/Label-400-ans-de-la-marine-300x293.png\" class=\"attachment-medium size-medium wp-image-8789\" alt=\"La Toulon Provence Regatta 2026 est un \u00e9v\u00e8nement labellis\u00e9 400 ans de la Marine Nationale\" srcset=\"https:\/\/toulonprovenceregatta.fr\/wp-content\/uploads\/2026\/01\/Label-400-ans-de-la-marine-300x293.png 300w, https:\/\/toulonprovenceregatta.fr\/wp-content\/uploads\/2026\/01\/Label-400-ans-de-la-marine-12x12.png 12w, https:\/\/toulonprovenceregatta.fr\/wp-content\/uploads\/2026\/01\/Label-400-ans-de-la-marine.png 648w\" sizes=\"(max-width: 300px) 100vw, 300px\" \/>\t\t\t\t\t\t\t\t\t\t\t\t\t\t\t<\/div>\n\t\t\t\t<\/div>\n\t\t\t\t<div class=\"elementor-element elementor-element-0eef310 elementor-widget elementor-widget-text-editor\" data-id=\"0eef310\" data-element_type=\"widget\" data-e-type=\"widget\" data-widget_type=\"text-editor.default\">\n\t\t\t\t<div class=\"elementor-widget-container\">\n\t\t\t\t\t\t\t\t\t<p>\u00a0<\/p><p>The year 2026 is marked by an exceptional celebration for the French Navy.<br \/>Established in 1626, under the impetus of Cardinal Richelieu, our Navy was born from a bold vision for France. To achieve this vision, the Navy has adapted, since its origins, to the strategic, technological and human challenges of its time. For 400 years, the Navy has protected the French people, on all oceans. These are four centuries of commitment at sea, of men and women serving France, the French people and their interests. The Navy remains a pillar of our country's defence and sovereignty.<\/p>\t\t\t\t\t\t\t\t<\/div>\n\t\t\t\t<\/div>\n\t\t\t\t\t<\/div>\n\t\t\t\t<\/div>\n\t\t<div class=\"elementor-element elementor-element-8728425 e-grid e-con-full wpr-particle-no wpr-jarallax-no wpr-parallax-no wpr-sticky-section-no wpr-equal-height-no e-con e-parent\" data-id=\"8728425\" data-element_type=\"container\" data-e-type=\"container\">\n\t\t\t\t<div class=\"elementor-element elementor-element-3278ac5 elementor-widget elementor-widget-text-editor\" data-id=\"3278ac5\" data-element_type=\"widget\" data-e-type=\"widget\" data-widget_type=\"text-editor.default\">\n\t\t\t\t<div class=\"elementor-widget-container\">\n\t\t\t\t\t\t\t\t\t<p><strong>It is entirely natural that the Toulon Provence Regatta 2026 wanted to associate itself with this national event. Several activities with different audiences are planned.<\/strong><\/p><p>From 7 May, primary school pupils from the Metropolis will benefit from different workshops during a school morning that will introduce them to a part of the National Navy Museum. But their REGATTA\u2019PASS passport will also lead them to other workshops on seamanship, flag-making, or discovering the marine environment. They will also be able to discover the photo exhibition \u00abFor 400 years the Navy has protected you\u00bb. This exhibition in the Mairie d\u2019Honneur is open to the public from 29 April to 28 May from 9 a.m. to 4.30 p.m. from Monday to Friday.\u00a0<\/p>\t\t\t\t\t\t\t\t<\/div>\n\t\t\t\t<\/div>\n\t\t\t\t<div class=\"elementor-element elementor-element-cf7769d elementor-widget__width-inherit elementor-widget elementor-widget-image\" data-id=\"cf7769d\" data-element_type=\"widget\" data-e-type=\"widget\" data-widget_type=\"image.default\">\n\t\t\t\t<div class=\"elementor-widget-container\">\n\t\t\t\t\t\t\t\t\t\t\t\t\t\t\t<img decoding=\"async\" width=\"212\" height=\"300\" src=\"https:\/\/toulonprovenceregatta.fr\/wp-content\/uploads\/2026\/04\/5-Exposition-400-ans-de-la-Marine-Mai-2026-212x300.jpg\" class=\"attachment-medium size-medium wp-image-9506\" alt=\"\" srcset=\"https:\/\/toulonprovenceregatta.fr\/wp-content\/uploads\/2026\/04\/5-Exposition-400-ans-de-la-Marine-Mai-2026-212x300.jpg 212w, https:\/\/toulonprovenceregatta.fr\/wp-content\/uploads\/2026\/04\/5-Exposition-400-ans-de-la-Marine-Mai-2026-724x1024.jpg 724w, https:\/\/toulonprovenceregatta.fr\/wp-content\/uploads\/2026\/04\/5-Exposition-400-ans-de-la-Marine-Mai-2026-8x12.jpg 8w, https:\/\/toulonprovenceregatta.fr\/wp-content\/uploads\/2026\/04\/5-Exposition-400-ans-de-la-Marine-Mai-2026.jpg 763w\" sizes=\"(max-width: 212px) 100vw, 212px\" \/>\t\t\t\t\t\t\t\t\t\t\t\t\t\t\t<\/div>\n\t\t\t\t<\/div>\n\t\t\t\t<\/div>\n\t\t<div class=\"elementor-element elementor-element-d853c2e e-flex e-con-boxed wpr-particle-no wpr-jarallax-no wpr-parallax-no wpr-sticky-section-no wpr-equal-height-no e-con e-parent\" data-id=\"d853c2e\" data-element_type=\"container\" data-e-type=\"container\">\n\t\t\t\t\t<div class=\"e-con-inner\">\n\t\t\t\t<div class=\"elementor-element elementor-element-7bd6736 elementor-widget elementor-widget-spacer\" data-id=\"7bd6736\" data-element_type=\"widget\" data-e-type=\"widget\" data-widget_type=\"spacer.default\">\n\t\t\t\t<div class=\"elementor-widget-container\">\n\t\t\t\t\t\t\t<div class=\"elementor-spacer\">\n\t\t\t<div class=\"elementor-spacer-inner\"><\/div>\n\t\t<\/div>\n\t\t\t\t\t\t<\/div>\n\t\t\t\t<\/div>\n\t\t\t\t\t<\/div>\n\t\t\t\t<\/div>\n\t\t<div class=\"elementor-element elementor-element-d9bbce8 e-flex e-con-boxed wpr-particle-no wpr-jarallax-no wpr-parallax-no wpr-sticky-section-no wpr-equal-height-no e-con e-parent\" data-id=\"d9bbce8\" data-element_type=\"container\" data-e-type=\"container\">\n\t\t\t\t\t<div class=\"e-con-inner\">\n\t\t\t\t<div class=\"elementor-element elementor-element-058efc8 elementor-widget elementor-widget-text-editor\" data-id=\"058efc8\" data-element_type=\"widget\" data-e-type=\"widget\" data-widget_type=\"text-editor.default\">\n\t\t\t\t<div class=\"elementor-widget-container\">\n\t\t\t\t\t\t\t\t\t<p>Another exhibition to see is the Parcours de la Mer, spread across all the quays of Toulon's Old Port. It highlights the following themes: strengthening the territory's maritime identity, promoting Sustainable Development initiatives, and discovering metre-class sailboats.<\/p><p>22 panels, catering to both adult and younger audiences, cover themes ranging from competitive sailing and marine biodiversity to maritime safety. This year, panels also highlight the 400th anniversary of the French Navy.<\/p>\t\t\t\t\t\t\t\t<\/div>\n\t\t\t\t<\/div>\n\t\t\t\t\t<\/div>\n\t\t\t\t<\/div>\n\t\t<div class=\"elementor-element elementor-element-d347501 e-grid e-con-boxed wpr-particle-no wpr-jarallax-no wpr-parallax-no wpr-sticky-section-no wpr-equal-height-no e-con e-parent\" data-id=\"d347501\" data-element_type=\"container\" data-e-type=\"container\">\n\t\t\t\t\t<div class=\"e-con-inner\">\n\t\t\t\t<div class=\"elementor-element elementor-element-c0d6d6d elementor-widget elementor-widget-image\" data-id=\"c0d6d6d\" data-element_type=\"widget\" data-e-type=\"widget\" data-widget_type=\"image.default\">\n\t\t\t\t<div class=\"elementor-widget-container\">\n\t\t\t\t\t\t\t\t\t\t\t\t\t\t\t<img decoding=\"async\" width=\"591\" height=\"880\" src=\"https:\/\/toulonprovenceregatta.fr\/wp-content\/uploads\/2026\/04\/Bouee_1_400ans_MN.jpg\" class=\"attachment-large size-large wp-image-9511\" alt=\"\" srcset=\"https:\/\/toulonprovenceregatta.fr\/wp-content\/uploads\/2026\/04\/Bouee_1_400ans_MN.jpg 591w, https:\/\/toulonprovenceregatta.fr\/wp-content\/uploads\/2026\/04\/Bouee_1_400ans_MN-201x300.jpg 201w, https:\/\/toulonprovenceregatta.fr\/wp-content\/uploads\/2026\/04\/Bouee_1_400ans_MN-8x12.jpg 8w\" sizes=\"(max-width: 591px) 100vw, 591px\" \/>\t\t\t\t\t\t\t\t\t\t\t\t\t\t\t<\/div>\n\t\t\t\t<\/div>\n\t\t\t\t<div class=\"elementor-element elementor-element-044fc75 elementor-widget elementor-widget-image\" data-id=\"044fc75\" data-element_type=\"widget\" data-e-type=\"widget\" data-widget_type=\"image.default\">\n\t\t\t\t<div class=\"elementor-widget-container\">\n\t\t\t\t\t\t\t\t\t\t\t\t\t\t\t<img loading=\"lazy\" decoding=\"async\" width=\"587\" height=\"880\" src=\"https:\/\/toulonprovenceregatta.fr\/wp-content\/uploads\/2026\/04\/ParcoursDeLaMer-Regatta2025-100x150cm-BOUEE-4-HD-2c.jpg\" class=\"attachment-large size-large wp-image-9518\" alt=\"\" srcset=\"https:\/\/toulonprovenceregatta.fr\/wp-content\/uploads\/2026\/04\/ParcoursDeLaMer-Regatta2025-100x150cm-BOUEE-4-HD-2c.jpg 587w, https:\/\/toulonprovenceregatta.fr\/wp-content\/uploads\/2026\/04\/ParcoursDeLaMer-Regatta2025-100x150cm-BOUEE-4-HD-2c-200x300.jpg 200w, https:\/\/toulonprovenceregatta.fr\/wp-content\/uploads\/2026\/04\/ParcoursDeLaMer-Regatta2025-100x150cm-BOUEE-4-HD-2c-8x12.jpg 8w\" sizes=\"(max-width: 587px) 100vw, 587px\" \/>\t\t\t\t\t\t\t\t\t\t\t\t\t\t\t<\/div>\n\t\t\t\t<\/div>\n\t\t\t\t\t<\/div>\n\t\t\t\t<\/div>\n\t\t<div class=\"elementor-element elementor-element-8d388f7 e-flex e-con-boxed wpr-particle-no wpr-jarallax-no wpr-parallax-no wpr-sticky-section-no wpr-equal-height-no e-con e-parent\" data-id=\"8d388f7\" data-element_type=\"container\" data-e-type=\"container\">\n\t\t\t\t\t<div class=\"e-con-inner\">\n\t\t\t\t<div class=\"elementor-element elementor-element-1bb9027 elementor-widget elementor-widget-spacer\" data-id=\"1bb9027\" data-element_type=\"widget\" data-e-type=\"widget\" data-widget_type=\"spacer.default\">\n\t\t\t\t<div class=\"elementor-widget-container\">\n\t\t\t\t\t\t\t<div class=\"elementor-spacer\">\n\t\t\t<div class=\"elementor-spacer-inner\"><\/div>\n\t\t<\/div>\n\t\t\t\t\t\t<\/div>\n\t\t\t\t<\/div>\n\t\t\t\t<div class=\"elementor-element elementor-element-1e6c37e elementor-widget elementor-widget-text-editor\" data-id=\"1e6c37e\" data-element_type=\"widget\" data-e-type=\"widget\" data-widget_type=\"text-editor.default\">\n\t\t\t\t<div class=\"elementor-widget-container\">\n\t\t\t\t\t\t\t\t\t<p style=\"text-align: center;\"><em><strong>You can also find other historical elements on these 400 years of the National Navy in the Toulon Provence Regatta 2026 Event Log at the following link: <a href=\"https:\/\/www.calameo.com\/books\/008088755403955003a7b\" target=\"_blank\" rel=\"noopener\">Here ...<\/a><\/strong><\/em><\/p>\t\t\t\t\t\t\t\t<\/div>\n\t\t\t\t<\/div>\n\t\t\t\t\t<\/div>\n\t\t\t\t<\/div>\n\t\t<div class=\"elementor-element elementor-element-f4e4875 e-flex e-con-boxed wpr-particle-no wpr-jarallax-no wpr-parallax-no wpr-sticky-section-no wpr-equal-height-no e-con e-parent\" data-id=\"f4e4875\" data-element_type=\"container\" data-e-type=\"container\">\n\t\t\t\t\t<div class=\"e-con-inner\">\n\t\t\t\t<div class=\"elementor-element elementor-element-6eff093 elementor-widget elementor-widget-text-editor\" data-id=\"6eff093\" data-element_type=\"widget\" data-e-type=\"widget\" data-widget_type=\"text-editor.default\">\n\t\t\t\t<div class=\"elementor-widget-container\">\n\t\t\t\t\t\t\t\t\t<p>Finally, the French Navy will be present amongst us at the TPR 2026 partners' village located at the fishermen's quay. The Ophrys-class Diving Support Launch (VSP), Acacia, will be moored at the quay for the 4 days of our event. It is a light tonnage vessel class of the French Navy with a non-magnetic aluminium hull and propulsion that can switch between diesel or electric propulsion depending on its mission. This vessel will be open for public visits. Mine-clearing divers will be present on its aft deck to give you demonstrations of equipment. Can you find the reason for the red pom-pom on our sailors' caps? You will only have to ask them directly during your visit, and perhaps you will get surprising answers\u2026<\/p><p style=\"text-align: center;\"><strong>You will be able to find all pre-bookings for the free visits of the boats present, on the page \u00ab\u00a0<a href=\"https:\/\/toulonprovenceregatta.fr\/en\/billeterie-toulon-provence-regatta\/\" target=\"_blank\" rel=\"noopener\">Ticket office<\/a>\u00a0\u00bb from our website from 1st May.<\/strong><\/p><p style=\"text-align: center;\"><strong>Discover all these animations at the Toulon Provence Regatta from May 7th to 10th!<\/strong><\/p>\t\t\t\t\t\t\t\t<\/div>\n\t\t\t\t<\/div>\n\t\t\t\t\t<\/div>\n\t\t\t\t<\/div>\n\t\t<div class=\"elementor-element elementor-element-128601d e-flex e-con-boxed wpr-particle-no wpr-jarallax-no wpr-parallax-no wpr-sticky-section-no wpr-equal-height-no e-con e-parent\" data-id=\"128601d\" data-element_type=\"container\" data-e-type=\"container\">\n\t\t\t\t\t<div class=\"e-con-inner\">\n\t\t\t\t<div class=\"elementor-element elementor-element-d64062b elementor-widget elementor-widget-image\" data-id=\"d64062b\" data-element_type=\"widget\" data-e-type=\"widget\" data-widget_type=\"image.default\">\n\t\t\t\t<div class=\"elementor-widget-container\">\n\t\t\t\t\t\t\t\t\t\t\t\t\t\t\t<img loading=\"lazy\" decoding=\"async\" width=\"800\" height=\"343\" src=\"https:\/\/toulonprovenceregatta.fr\/wp-content\/uploads\/2026\/04\/dscn1760-1024x439.jpg\" class=\"attachment-large size-large wp-image-9522\" alt=\"\" srcset=\"https:\/\/toulonprovenceregatta.fr\/wp-content\/uploads\/2026\/04\/dscn1760-1024x439.jpg 1024w, https:\/\/toulonprovenceregatta.fr\/wp-content\/uploads\/2026\/04\/dscn1760-300x129.jpg 300w, https:\/\/toulonprovenceregatta.fr\/wp-content\/uploads\/2026\/04\/dscn1760-768x329.jpg 768w, https:\/\/toulonprovenceregatta.fr\/wp-content\/uploads\/2026\/04\/dscn1760-18x8.jpg 18w, https:\/\/toulonprovenceregatta.fr\/wp-content\/uploads\/2026\/04\/dscn1760.jpg 1400w\" sizes=\"(max-width: 800px) 100vw, 800px\" \/>\t\t\t\t\t\t\t\t\t\t\t\t\t\t\t<\/div>\n\t\t\t\t<\/div>\n\t\t\t\t\t<\/div>\n\t\t\t\t<\/div>\n\t\t<div class=\"elementor-element elementor-element-cfeeb44 e-flex e-con-boxed wpr-particle-no wpr-jarallax-no wpr-parallax-no wpr-sticky-section-no wpr-equal-height-no e-con e-parent\" data-id=\"cfeeb44\" data-element_type=\"container\" data-e-type=\"container\">\n\t\t\t\t\t<div class=\"e-con-inner\">\n\t\t\t\t\t<\/div>\n\t\t\t\t<\/div>\n\t\t\t\t<\/div>","protected":false},"excerpt":{"rendered":"<p>It is perfectly natural that the Toulon Provence Regatta 2026 wanted to associate itself with this national event. Several activities with different audiences are planned\u2026<\/p>","protected":false},"author":14,"featured_media":8789,"comment_status":"open","ping_status":"open","sticky":false,"template":"","format":"standard","meta":{"_acf_changed":false,"footnotes":""},"categories":[32,28],"tags":[],"class_list":["post-9498","post","type-post","status-publish","format-standard","has-post-thumbnail","hentry","category-32","category-partenaires"],"acf":[],"yoast_head":"<!-- This site is optimized with the Yoast SEO plugin v27.4 - https:\/\/yoast.com\/product\/yoast-seo-wordpress\/ -->\n<title>La TPR 2026 labellis\u00e9e &quot;400 ans de la Marine nationale&quot; ! - Toulon Provence Regatta<\/title>\n<meta name=\"robots\" content=\"index, follow, max-snippet:-1, max-image-preview:large, max-video-preview:-1\" \/>\n<link rel=\"canonical\" href=\"https:\/\/toulonprovenceregatta.fr\/en\/page\/la-tpr-2026-labellisee-400-ans-de-la-marine-nationale\/\" \/>\n<meta property=\"og:locale\" content=\"en_GB\" \/>\n<meta property=\"og:type\" content=\"article\" \/>\n<meta property=\"og:title\" content=\"La TPR 2026 labellis\u00e9e &quot;400 ans de la Marine nationale&quot; ! - Toulon Provence Regatta\" \/>\n<meta property=\"og:description\" content=\"C&#039;est tout naturellement que la Toulon Provence Regatta 2026 a voulu s&#039;associer \u00e0 cet \u00e9v\u00e9nement nationale. Plusieurs animations avec diff\u00e9rents publics sont pr\u00e9vues ...\" \/>\n<meta property=\"og:url\" content=\"https:\/\/toulonprovenceregatta.fr\/en\/page\/la-tpr-2026-labellisee-400-ans-de-la-marine-nationale\/\" \/>\n<meta property=\"og:site_name\" content=\"Toulon Provence Regatta\" \/>\n<meta property=\"article:publisher\" content=\"https:\/\/www.facebook.com\/toulonprovenceregatta\" \/>\n<meta property=\"article:published_time\" content=\"2026-04-26T16:18:34+00:00\" \/>\n<meta property=\"article:modified_time\" content=\"2026-04-26T16:18:35+00:00\" \/>\n<meta property=\"og:image\" content=\"https:\/\/toulonprovenceregatta.fr\/wp-content\/uploads\/2026\/01\/Label-400-ans-de-la-marine.png\" \/>\n\t<meta property=\"og:image:width\" content=\"648\" \/>\n\t<meta property=\"og:image:height\" content=\"632\" \/>\n\t<meta property=\"og:image:type\" content=\"image\/png\" \/>\n<meta name=\"author\" content=\"Emmanuel GUYETAND\" \/>\n<meta name=\"twitter:card\" content=\"summary_large_image\" \/>\n<meta name=\"twitter:label1\" content=\"Written by\" \/>\n\t<meta name=\"twitter:data1\" content=\"Emmanuel GUYETAND\" \/>\n\t<meta name=\"twitter:label2\" content=\"Estimated reading time\" \/>\n\t<meta name=\"twitter:data2\" content=\"4 minutes\" \/>\n<script type=\"application\/ld+json\" class=\"yoast-schema-graph\">{\"@context\":\"https:\\\/\\\/schema.org\",\"@graph\":[{\"@type\":\"Article\",\"@id\":\"https:\\\/\\\/toulonprovenceregatta.fr\\\/page\\\/la-tpr-2026-labellisee-400-ans-de-la-marine-nationale\\\/#article\",\"isPartOf\":{\"@id\":\"https:\\\/\\\/toulonprovenceregatta.fr\\\/page\\\/la-tpr-2026-labellisee-400-ans-de-la-marine-nationale\\\/\"},\"author\":{\"name\":\"Emmanuel GUYETAND\",\"@id\":\"https:\\\/\\\/toulonprovenceregatta.fr\\\/#\\\/schema\\\/person\\\/ddc02ca502699c2d2a11de1d1fa7a44a\"},\"headline\":\"La TPR 2026 labellis\u00e9e \u00ab\u00a0400 ans de la Marine nationale\u00a0\u00bb !\",\"datePublished\":\"2026-04-26T16:18:34+00:00\",\"dateModified\":\"2026-04-26T16:18:35+00:00\",\"mainEntityOfPage\":{\"@id\":\"https:\\\/\\\/toulonprovenceregatta.fr\\\/page\\\/la-tpr-2026-labellisee-400-ans-de-la-marine-nationale\\\/\"},\"wordCount\":564,\"commentCount\":0,\"publisher\":{\"@id\":\"https:\\\/\\\/toulonprovenceregatta.fr\\\/#organization\"},\"image\":{\"@id\":\"https:\\\/\\\/toulonprovenceregatta.fr\\\/page\\\/la-tpr-2026-labellisee-400-ans-de-la-marine-nationale\\\/#primaryimage\"},\"thumbnailUrl\":\"https:\\\/\\\/toulonprovenceregatta.fr\\\/wp-content\\\/uploads\\\/2026\\\/01\\\/Label-400-ans-de-la-marine.png\",\"articleSection\":[\"2026\",\"Partenaires\"],\"inLanguage\":\"en-GB\",\"potentialAction\":[{\"@type\":\"CommentAction\",\"name\":\"Comment\",\"target\":[\"https:\\\/\\\/toulonprovenceregatta.fr\\\/page\\\/la-tpr-2026-labellisee-400-ans-de-la-marine-nationale\\\/#respond\"]}]},{\"@type\":\"WebPage\",\"@id\":\"https:\\\/\\\/toulonprovenceregatta.fr\\\/page\\\/la-tpr-2026-labellisee-400-ans-de-la-marine-nationale\\\/\",\"url\":\"https:\\\/\\\/toulonprovenceregatta.fr\\\/page\\\/la-tpr-2026-labellisee-400-ans-de-la-marine-nationale\\\/\",\"name\":\"La TPR 2026 labellis\u00e9e \\\"400 ans de la Marine nationale\\\" ! - Toulon Provence Regatta\",\"isPartOf\":{\"@id\":\"https:\\\/\\\/toulonprovenceregatta.fr\\\/#website\"},\"primaryImageOfPage\":{\"@id\":\"https:\\\/\\\/toulonprovenceregatta.fr\\\/page\\\/la-tpr-2026-labellisee-400-ans-de-la-marine-nationale\\\/#primaryimage\"},\"image\":{\"@id\":\"https:\\\/\\\/toulonprovenceregatta.fr\\\/page\\\/la-tpr-2026-labellisee-400-ans-de-la-marine-nationale\\\/#primaryimage\"},\"thumbnailUrl\":\"https:\\\/\\\/toulonprovenceregatta.fr\\\/wp-content\\\/uploads\\\/2026\\\/01\\\/Label-400-ans-de-la-marine.png\",\"datePublished\":\"2026-04-26T16:18:34+00:00\",\"dateModified\":\"2026-04-26T16:18:35+00:00\",\"breadcrumb\":{\"@id\":\"https:\\\/\\\/toulonprovenceregatta.fr\\\/page\\\/la-tpr-2026-labellisee-400-ans-de-la-marine-nationale\\\/#breadcrumb\"},\"inLanguage\":\"en-GB\",\"potentialAction\":[{\"@type\":\"ReadAction\",\"target\":[\"https:\\\/\\\/toulonprovenceregatta.fr\\\/page\\\/la-tpr-2026-labellisee-400-ans-de-la-marine-nationale\\\/\"]}]},{\"@type\":\"ImageObject\",\"inLanguage\":\"en-GB\",\"@id\":\"https:\\\/\\\/toulonprovenceregatta.fr\\\/page\\\/la-tpr-2026-labellisee-400-ans-de-la-marine-nationale\\\/#primaryimage\",\"url\":\"https:\\\/\\\/toulonprovenceregatta.fr\\\/wp-content\\\/uploads\\\/2026\\\/01\\\/Label-400-ans-de-la-marine.png\",\"contentUrl\":\"https:\\\/\\\/toulonprovenceregatta.fr\\\/wp-content\\\/uploads\\\/2026\\\/01\\\/Label-400-ans-de-la-marine.png\",\"width\":648,\"height\":632,\"caption\":\"La Toulon Provence Regatta 2026 est un \u00e9v\u00e8nement labellis\u00e9 400 ans de la Marine Nationale\"},{\"@type\":\"BreadcrumbList\",\"@id\":\"https:\\\/\\\/toulonprovenceregatta.fr\\\/page\\\/la-tpr-2026-labellisee-400-ans-de-la-marine-nationale\\\/#breadcrumb\",\"itemListElement\":[{\"@type\":\"ListItem\",\"position\":1,\"name\":\"Accueil\",\"item\":\"https:\\\/\\\/toulonprovenceregatta.fr\\\/\"},{\"@type\":\"ListItem\",\"position\":2,\"name\":\"La TPR 2026 labellis\u00e9e \u00ab\u00a0400 ans de la Marine nationale\u00a0\u00bb !\"}]},{\"@type\":\"WebSite\",\"@id\":\"https:\\\/\\\/toulonprovenceregatta.fr\\\/#website\",\"url\":\"https:\\\/\\\/toulonprovenceregatta.fr\\\/\",\"name\":\"Toulon Provence Regatta\",\"description\":\"\",\"publisher\":{\"@id\":\"https:\\\/\\\/toulonprovenceregatta.fr\\\/#organization\"},\"alternateName\":\"TPR\",\"potentialAction\":[{\"@type\":\"SearchAction\",\"target\":{\"@type\":\"EntryPoint\",\"urlTemplate\":\"https:\\\/\\\/toulonprovenceregatta.fr\\\/?s={search_term_string}\"},\"query-input\":{\"@type\":\"PropertyValueSpecification\",\"valueRequired\":true,\"valueName\":\"search_term_string\"}}],\"inLanguage\":\"en-GB\"},{\"@type\":\"Organization\",\"@id\":\"https:\\\/\\\/toulonprovenceregatta.fr\\\/#organization\",\"name\":\"Toulon Provence Regatta\",\"url\":\"https:\\\/\\\/toulonprovenceregatta.fr\\\/\",\"logo\":{\"@type\":\"ImageObject\",\"inLanguage\":\"en-GB\",\"@id\":\"https:\\\/\\\/toulonprovenceregatta.fr\\\/#\\\/schema\\\/logo\\\/image\\\/\",\"url\":\"https:\\\/\\\/toulonprovenceregatta.fr\\\/wp-content\\\/uploads\\\/2026\\\/04\\\/TPR-Logo-Bleu-Fond-Transparent.png\",\"contentUrl\":\"https:\\\/\\\/toulonprovenceregatta.fr\\\/wp-content\\\/uploads\\\/2026\\\/04\\\/TPR-Logo-Bleu-Fond-Transparent.png\",\"width\":3662,\"height\":3325,\"caption\":\"Toulon Provence Regatta\"},\"image\":{\"@id\":\"https:\\\/\\\/toulonprovenceregatta.fr\\\/#\\\/schema\\\/logo\\\/image\\\/\"},\"sameAs\":[\"https:\\\/\\\/www.facebook.com\\\/toulonprovenceregatta\",\"https:\\\/\\\/www.instagram.com\\\/toulonprovenceregatta\\\/\",\"https:\\\/\\\/www.linkedin.com\\\/company\\\/toulonprovenceregatta\",\"https:\\\/\\\/www.youtube.com\\\/@ToulonProvenceRegatta\"]},{\"@type\":\"Person\",\"@id\":\"https:\\\/\\\/toulonprovenceregatta.fr\\\/#\\\/schema\\\/person\\\/ddc02ca502699c2d2a11de1d1fa7a44a\",\"name\":\"Emmanuel GUYETAND\",\"pronouns\":\"il\\\/lui\",\"image\":{\"@type\":\"ImageObject\",\"inLanguage\":\"en-GB\",\"@id\":\"https:\\\/\\\/secure.gravatar.com\\\/avatar\\\/0e4b9525c8a9fd2862be508a02bc6e04d3c263e638f0070c034f10abc31d3670?s=96&d=mm&r=g\",\"url\":\"https:\\\/\\\/secure.gravatar.com\\\/avatar\\\/0e4b9525c8a9fd2862be508a02bc6e04d3c263e638f0070c034f10abc31d3670?s=96&d=mm&r=g\",\"contentUrl\":\"https:\\\/\\\/secure.gravatar.com\\\/avatar\\\/0e4b9525c8a9fd2862be508a02bc6e04d3c263e638f0070c034f10abc31d3670?s=96&d=mm&r=g\",\"caption\":\"Emmanuel GUYETAND\"},\"url\":\"https:\\\/\\\/toulonprovenceregatta.fr\\\/en\\\/page\\\/author\\\/egchatelsfr-fr\\\/\"}]}<\/script>\n<!-- \/ Yoast SEO plugin. -->","yoast_head_json":{"title":"La TPR 2026 labellis\u00e9e \"400 ans de la Marine nationale\" ! - Toulon Provence Regatta","robots":{"index":"index","follow":"follow","max-snippet":"max-snippet:-1","max-image-preview":"max-image-preview:large","max-video-preview":"max-video-preview:-1"},"canonical":"https:\/\/toulonprovenceregatta.fr\/en\/page\/la-tpr-2026-labellisee-400-ans-de-la-marine-nationale\/","og_locale":"en_GB","og_type":"article","og_title":"La TPR 2026 labellis\u00e9e \"400 ans de la Marine nationale\" ! - Toulon Provence Regatta","og_description":"C'est tout naturellement que la Toulon Provence Regatta 2026 a voulu s'associer \u00e0 cet \u00e9v\u00e9nement nationale. Plusieurs animations avec diff\u00e9rents publics sont pr\u00e9vues ...","og_url":"https:\/\/toulonprovenceregatta.fr\/en\/page\/la-tpr-2026-labellisee-400-ans-de-la-marine-nationale\/","og_site_name":"Toulon Provence Regatta","article_publisher":"https:\/\/www.facebook.com\/toulonprovenceregatta","article_published_time":"2026-04-26T16:18:34+00:00","article_modified_time":"2026-04-26T16:18:35+00:00","og_image":[{"width":648,"height":632,"url":"https:\/\/toulonprovenceregatta.fr\/wp-content\/uploads\/2026\/01\/Label-400-ans-de-la-marine.png","type":"image\/png"}],"author":"Emmanuel GUYETAND","twitter_card":"summary_large_image","twitter_misc":{"Written by":"Emmanuel GUYETAND","Estimated reading time":"4 minutes"},"schema":{"@context":"https:\/\/schema.org","@graph":[{"@type":"Article","@id":"https:\/\/toulonprovenceregatta.fr\/page\/la-tpr-2026-labellisee-400-ans-de-la-marine-nationale\/#article","isPartOf":{"@id":"https:\/\/toulonprovenceregatta.fr\/page\/la-tpr-2026-labellisee-400-ans-de-la-marine-nationale\/"},"author":{"name":"Emmanuel GUYETAND","@id":"https:\/\/toulonprovenceregatta.fr\/#\/schema\/person\/ddc02ca502699c2d2a11de1d1fa7a44a"},"headline":"La TPR 2026 labellis\u00e9e \u00ab\u00a0400 ans de la Marine nationale\u00a0\u00bb !","datePublished":"2026-04-26T16:18:34+00:00","dateModified":"2026-04-26T16:18:35+00:00","mainEntityOfPage":{"@id":"https:\/\/toulonprovenceregatta.fr\/page\/la-tpr-2026-labellisee-400-ans-de-la-marine-nationale\/"},"wordCount":564,"commentCount":0,"publisher":{"@id":"https:\/\/toulonprovenceregatta.fr\/#organization"},"image":{"@id":"https:\/\/toulonprovenceregatta.fr\/page\/la-tpr-2026-labellisee-400-ans-de-la-marine-nationale\/#primaryimage"},"thumbnailUrl":"https:\/\/toulonprovenceregatta.fr\/wp-content\/uploads\/2026\/01\/Label-400-ans-de-la-marine.png","articleSection":["2026","Partenaires"],"inLanguage":"en-GB","potentialAction":[{"@type":"CommentAction","name":"Comment","target":["https:\/\/toulonprovenceregatta.fr\/page\/la-tpr-2026-labellisee-400-ans-de-la-marine-nationale\/#respond"]}]},{"@type":"WebPage","@id":"https:\/\/toulonprovenceregatta.fr\/page\/la-tpr-2026-labellisee-400-ans-de-la-marine-nationale\/","url":"https:\/\/toulonprovenceregatta.fr\/page\/la-tpr-2026-labellisee-400-ans-de-la-marine-nationale\/","name":"La TPR 2026 labellis\u00e9e \"400 ans de la Marine nationale\" ! - Toulon Provence Regatta","isPartOf":{"@id":"https:\/\/toulonprovenceregatta.fr\/#website"},"primaryImageOfPage":{"@id":"https:\/\/toulonprovenceregatta.fr\/page\/la-tpr-2026-labellisee-400-ans-de-la-marine-nationale\/#primaryimage"},"image":{"@id":"https:\/\/toulonprovenceregatta.fr\/page\/la-tpr-2026-labellisee-400-ans-de-la-marine-nationale\/#primaryimage"},"thumbnailUrl":"https:\/\/toulonprovenceregatta.fr\/wp-content\/uploads\/2026\/01\/Label-400-ans-de-la-marine.png","datePublished":"2026-04-26T16:18:34+00:00","dateModified":"2026-04-26T16:18:35+00:00","breadcrumb":{"@id":"https:\/\/toulonprovenceregatta.fr\/page\/la-tpr-2026-labellisee-400-ans-de-la-marine-nationale\/#breadcrumb"},"inLanguage":"en-GB","potentialAction":[{"@type":"ReadAction","target":["https:\/\/toulonprovenceregatta.fr\/page\/la-tpr-2026-labellisee-400-ans-de-la-marine-nationale\/"]}]},{"@type":"ImageObject","inLanguage":"en-GB","@id":"https:\/\/toulonprovenceregatta.fr\/page\/la-tpr-2026-labellisee-400-ans-de-la-marine-nationale\/#primaryimage","url":"https:\/\/toulonprovenceregatta.fr\/wp-content\/uploads\/2026\/01\/Label-400-ans-de-la-marine.png","contentUrl":"https:\/\/toulonprovenceregatta.fr\/wp-content\/uploads\/2026\/01\/Label-400-ans-de-la-marine.png","width":648,"height":632,"caption":"La Toulon Provence Regatta 2026 est un \u00e9v\u00e8nement labellis\u00e9 400 ans de la Marine Nationale"},{"@type":"BreadcrumbList","@id":"https:\/\/toulonprovenceregatta.fr\/page\/la-tpr-2026-labellisee-400-ans-de-la-marine-nationale\/#breadcrumb","itemListElement":[{"@type":"ListItem","position":1,"name":"Accueil","item":"https:\/\/toulonprovenceregatta.fr\/"},{"@type":"ListItem","position":2,"name":"La TPR 2026 labellis\u00e9e \u00ab\u00a0400 ans de la Marine nationale\u00a0\u00bb !"}]},{"@type":"WebSite","@id":"https:\/\/toulonprovenceregatta.fr\/#website","url":"https:\/\/toulonprovenceregatta.fr\/","name":"Toulon Provence Regatta","description":"","publisher":{"@id":"https:\/\/toulonprovenceregatta.fr\/#organization"},"alternateName":"TPR","potentialAction":[{"@type":"SearchAction","target":{"@type":"EntryPoint","urlTemplate":"https:\/\/toulonprovenceregatta.fr\/?s={search_term_string}"},"query-input":{"@type":"PropertyValueSpecification","valueRequired":true,"valueName":"search_term_string"}}],"inLanguage":"en-GB"},{"@type":"Organization","@id":"https:\/\/toulonprovenceregatta.fr\/#organization","name":"Toulon Provence Regatta","url":"https:\/\/toulonprovenceregatta.fr\/","logo":{"@type":"ImageObject","inLanguage":"en-GB","@id":"https:\/\/toulonprovenceregatta.fr\/#\/schema\/logo\/image\/","url":"https:\/\/toulonprovenceregatta.fr\/wp-content\/uploads\/2026\/04\/TPR-Logo-Bleu-Fond-Transparent.png","contentUrl":"https:\/\/toulonprovenceregatta.fr\/wp-content\/uploads\/2026\/04\/TPR-Logo-Bleu-Fond-Transparent.png","width":3662,"height":3325,"caption":"Toulon Provence Regatta"},"image":{"@id":"https:\/\/toulonprovenceregatta.fr\/#\/schema\/logo\/image\/"},"sameAs":["https:\/\/www.facebook.com\/toulonprovenceregatta","https:\/\/www.instagram.com\/toulonprovenceregatta\/","https:\/\/www.linkedin.com\/company\/toulonprovenceregatta","https:\/\/www.youtube.com\/@ToulonProvenceRegatta"]},{"@type":"Person","@id":"https:\/\/toulonprovenceregatta.fr\/#\/schema\/person\/ddc02ca502699c2d2a11de1d1fa7a44a","name":"Emmanuel GUYETAND","pronouns":"il\/lui","image":{"@type":"ImageObject","inLanguage":"en-GB","@id":"https:\/\/secure.gravatar.com\/avatar\/0e4b9525c8a9fd2862be508a02bc6e04d3c263e638f0070c034f10abc31d3670?s=96&d=mm&r=g","url":"https:\/\/secure.gravatar.com\/avatar\/0e4b9525c8a9fd2862be508a02bc6e04d3c263e638f0070c034f10abc31d3670?s=96&d=mm&r=g","contentUrl":"https:\/\/secure.gravatar.com\/avatar\/0e4b9525c8a9fd2862be508a02bc6e04d3c263e638f0070c034f10abc31d3670?s=96&d=mm&r=g","caption":"Emmanuel GUYETAND"},"url":"https:\/\/toulonprovenceregatta.fr\/en\/page\/author\/egchatelsfr-fr\/"}]}},"_links":{"self":[{"href":"https:\/\/toulonprovenceregatta.fr\/en\/wp-json\/wp\/v2\/posts\/9498","targetHints":{"allow":["GET"]}}],"collection":[{"href":"https:\/\/toulonprovenceregatta.fr\/en\/wp-json\/wp\/v2\/posts"}],"about":[{"href":"https:\/\/toulonprovenceregatta.fr\/en\/wp-json\/wp\/v2\/types\/post"}],"author":[{"embeddable":true,"href":"https:\/\/toulonprovenceregatta.fr\/en\/wp-json\/wp\/v2\/users\/14"}],"replies":[{"embeddable":true,"href":"https:\/\/toulonprovenceregatta.fr\/en\/wp-json\/wp\/v2\/comments?post=9498"}],"version-history":[{"count":42,"href":"https:\/\/toulonprovenceregatta.fr\/en\/wp-json\/wp\/v2\/posts\/9498\/revisions"}],"predecessor-version":[{"id":9544,"href":"https:\/\/toulonprovenceregatta.fr\/en\/wp-json\/wp\/v2\/posts\/9498\/revisions\/9544"}],"wp:featuredmedia":[{"embeddable":true,"href":"https:\/\/toulonprovenceregatta.fr\/en\/wp-json\/wp\/v2\/media\/8789"}],"wp:attachment":[{"href":"https:\/\/toulonprovenceregatta.fr\/en\/wp-json\/wp\/v2\/media?parent=9498"}],"wp:term":[{"taxonomy":"category","embeddable":true,"href":"https:\/\/toulonprovenceregatta.fr\/en\/wp-json\/wp\/v2\/categories?post=9498"},{"taxonomy":"post_tag","embeddable":true,"href":"https:\/\/toulonprovenceregatta.fr\/en\/wp-json\/wp\/v2\/tags?post=9498"}],"curies":[{"name":"wp","href":"https:\/\/api.w.org\/{rel}","templated":true}]}}